{"id":3770,"date":"2021-07-28T17:15:46","date_gmt":"2021-07-28T15:15:46","guid":{"rendered":"https:\/\/www.universalmedica.com\/?p=3770"},"modified":"2021-07-28T17:50:59","modified_gmt":"2021-07-28T15:50:59","slug":"entrevue-avec-stephanie-le-guillou-responsable-du-contenu-medical","status":"publish","type":"post","link":"https:\/\/www.universalmedica.com\/fr\/entrevue-avec-stephanie-le-guillou-responsable-du-contenu-medical\/","title":{"rendered":"Entrevue avec St\u00e9phanie Le Guillou, Responsable du contenu m\u00e9dical."},"content":{"rendered":"<p><img decoding=\"async\" class=\"alignnone wp-image-3771\" src=\"https:\/\/www.universalmedica.com\/wp-content\/uploads\/2021\/07\/Stephanie-Profile-300x300.jpg\" alt=\"\" width=\"176\" height=\"176\" srcset=\"https:\/\/www.universalmedica.com\/wp-content\/uploads\/2021\/07\/Stephanie-Profile-300x300.jpg 300w, https:\/\/www.universalmedica.com\/wp-content\/uploads\/2021\/07\/Stephanie-Profile-150x150.jpg 150w, https:\/\/www.universalmedica.com\/wp-content\/uploads\/2021\/07\/Stephanie-Profile.jpg 500w\" sizes=\"(max-width: 176px) 100vw, 176px\" \/><\/p>\n<p><strong>St\u00e9phanie Le Guillou, PharmD, PhD<\/strong><\/p>\n<p>Responsable du contenu m\u00e9dical, Cherry for Life sciences, une filiale du Universal Medica Group<\/p>\n<p><strong>La raison d\u2019\u00eatre d\u2019Universal Medica Group est l\u2019am\u00e9lioration de la s\u00e9curit\u00e9 et du bien-\u00eatre des patients. En quoi vos missions participent-t-elles \u00e0 l\u2019atteinte de cet objectif\u00a0?\u00a0<\/strong><\/p>\n<p>J\u2019ai la responsabilit\u00e9 de la ligne \u00e9ditoriale de 3 sites internet du groupe. <a href=\"https:\/\/www.sante-sur-le-net.com\/\">Sant\u00e9 sur le Net<\/a> met \u00e0 disposition du grand public des informations Sant\u00e9 et Bien-\u00eatre, 100% fiables et actualis\u00e9es. <a href=\"https:\/\/www.medflixs.com\/fr\">MedflixS<\/a> propose aux professionnels de sant\u00e9 des revues de presse scientifique, un agenda des congr\u00e8s m\u00e9dicaux et des replays des communications orales des plus grands congr\u00e8s. Market-Access for pharma offre aux professionnels de l\u2019industrie pharmaceutique une veille r\u00e9glementaire, centr\u00e9e sur l\u2019acc\u00e8s et le maintien sur le march\u00e9 des m\u00e9dicaments et dispositifs m\u00e9dicaux. Ces 3 sites sont des projets internes du groupe, reflet de notre savoir-faire. Je suis \u00e9galement impliqu\u00e9e sur des projets clients.<\/p>\n<p>Ces 3 projets participent \u00e0 la mise en \u0153uvre de la vision du groupe\u00a0:<\/p>\n<ul>\n<li>Proposer une information de qualit\u00e9 aux patients.<\/li>\n<li>Faire la promotion de la m\u00e9decine d\u2019excellence en rendant plus accessibles les communications orales des congr\u00e8s m\u00e9dicaux.<\/li>\n<li>Accompagner l\u2019industrie pharmaceutique dans la mise et le maintien sur le march\u00e9 de ses produits.<\/li>\n<\/ul>\n<p>&nbsp;<\/p>\n<p><strong>Quelle est la partie la plus passionnante de votre travail ?<\/strong><\/p>\n<p>Je suis en apprentissage permanent\u00a0! D\u2019une part, j\u2019accrois ma somme de connaissances personnelles chaque jour en cr\u00e9ant et en validant du contenu scientifique, m\u00e9dical et m\u00e9dico-marketing. D\u2019autre part, j\u2019apprends de nouveaux savoir-faire gr\u00e2ce aux missions qui me sont confi\u00e9es. J\u2019ai \u00e9galement \u00e9t\u00e9 form\u00e9e \u00e0 de nouvelles comp\u00e9tences en arrivant sur mon poste.<\/p>\n<p><strong>Quelle est la plus grande diff\u00e9rence entre votre poste actuel et votre pr\u00e9c\u00e9dent poste\u00a0?<\/strong><\/p>\n<p>En arrivant chez Universal Medica Group, on m\u2019a tout de suite fait confiance et donn\u00e9 des responsabilit\u00e9s. Il y a un a priori positif sur les nouveaux collaborateurs dans le groupe.<\/p>\n<p><strong>Parlez-nous d&rsquo;un projet r\u00e9cent sur lequel vous avez travaill\u00e9 ou d&rsquo;une belle rencontre avec un client?<\/strong><\/p>\n<p>Un laboratoire pharmaceutique nous a confi\u00e9 la refonte de son image\u00a0: de leur strat\u00e9gie de communication \u00e0 l\u2019\u00e9criture de leurs slogans en passant par la conception de leur nouveau site internet (d\u00e9veloppement et contenus)\u00a0! De nombreuses comp\u00e9tences \u00e9taient n\u00e9cessaires pour mener \u00e0 bien ce projet et plusieurs collaborateurs ont travaill\u00e9 en transverse pendant plusieurs mois. Un beau travail d\u2019\u00e9quipe\u00a0et une belle aventure humaine !<\/p>\n<p><strong>Selon vous, quelle est la plus grande valeur ajout\u00e9e d\u2019Universal Medica Group?<\/strong><\/p>\n<p>Premi\u00e8rement, nous avons de nombreuses comp\u00e9tences en interne (affaires m\u00e9dicales, r\u00e8glementaire, qualit\u00e9, r\u00e9daction m\u00e9dicale, communication, digital\u2026), ce qui nous permet de proposer des offres int\u00e9grales, \u00e0 360.<\/p>\n<p>Deuxi\u00e8mement, nous savons nous coordonner et nous reconfigurer en toute agilit\u00e9 pour nous adapter \u00e0 notre client et \u00e0 ses besoins en temps r\u00e9el.<\/p>\n","protected":false},"excerpt":{"rendered":"<p>St\u00e9phanie Le Guillou, PharmD, PhD Responsable du contenu m\u00e9dical, Cherry for Life sciences, une filiale du Universal Medica Group La raison d\u2019\u00eatre d\u2019Universal Medica Group est l\u2019am\u00e9lioration de la s\u00e9curit\u00e9 et du bien-\u00eatre des patients. En quoi vos missions participent-t-elles \u00e0 l\u2019atteinte de cet objectif\u00a0?\u00a0 J\u2019ai la responsabilit\u00e9 de la ligne \u00e9ditoriale de 3 sites [&hellip;]<\/p>\n","protected":false},"author":2,"featured_media":3778,"comment_status":"open","ping_status":"open","sticky":false,"template":"","format":"standard","meta":{"_acf_changed":false,"inline_featured_image":false,"footnotes":""},"categories":[135,30,144],"tags":[],"class_list":["post-3770","post","type-post","status-publish","format-standard","has-post-thumbnail","hentry","category-compliance-2","category-evenement","category-redaction-medicale"],"acf":[],"yoast_head":"<!-- This site is optimized with the Yoast SEO plugin v27.3 - https:\/\/yoast.com\/product\/yoast-seo-wordpress\/ -->\n<title>Entrevue avec St\u00e9phanie Le Guillou, Responsable du contenu m\u00e9dical. - Universal Medica<\/title>\n<meta name=\"robots\" content=\"index, follow, max-snippet:-1, max-image-preview:large, max-video-preview:-1\" \/>\n<link rel=\"canonical\" href=\"https:\/\/www.universalmedica.com\/fr\/entrevue-avec-stephanie-le-guillou-responsable-du-contenu-medical\/\" \/>\n<meta property=\"og:locale\" content=\"fr_FR\" \/>\n<meta property=\"og:type\" content=\"article\" \/>\n<meta property=\"og:title\" content=\"Entrevue avec St\u00e9phanie Le Guillou, Responsable du contenu m\u00e9dical. - Universal Medica\" \/>\n<meta property=\"og:description\" content=\"St\u00e9phanie Le Guillou, PharmD, PhD Responsable du contenu m\u00e9dical, Cherry for Life sciences, une filiale du Universal Medica Group La raison d\u2019\u00eatre d\u2019Universal Medica Group est l\u2019am\u00e9lioration de la s\u00e9curit\u00e9 et du bien-\u00eatre des patients. En quoi vos missions participent-t-elles \u00e0 l\u2019atteinte de cet objectif\u00a0?\u00a0 J\u2019ai la responsabilit\u00e9 de la ligne \u00e9ditoriale de 3 sites [&hellip;]\" \/>\n<meta property=\"og:url\" content=\"https:\/\/www.universalmedica.com\/fr\/entrevue-avec-stephanie-le-guillou-responsable-du-contenu-medical\/\" \/>\n<meta property=\"og:site_name\" content=\"Universal Medica\" \/>\n<meta property=\"article:published_time\" content=\"2021-07-28T15:15:46+00:00\" \/>\n<meta property=\"article:modified_time\" content=\"2021-07-28T15:50:59+00:00\" \/>\n<meta property=\"og:image\" content=\"https:\/\/www.universalmedica.com\/wp-content\/uploads\/2021\/07\/Copie-de-Copie-de-Copie-de-Sans-titre-2.jpg\" \/>\n\t<meta property=\"og:image:width\" content=\"500\" \/>\n\t<meta property=\"og:image:height\" content=\"300\" \/>\n\t<meta property=\"og:image:type\" content=\"image\/jpeg\" \/>\n<meta name=\"author\" content=\"universalmedica\" \/>\n<meta name=\"twitter:card\" content=\"summary_large_image\" \/>\n<meta name=\"twitter:label1\" content=\"\u00c9crit par\" \/>\n\t<meta name=\"twitter:data1\" content=\"universalmedica\" \/>\n\t<meta name=\"twitter:label2\" content=\"Dur\u00e9e de lecture estim\u00e9e\" \/>\n\t<meta name=\"twitter:data2\" content=\"3 minutes\" \/>\n<script type=\"application\/ld+json\" class=\"yoast-schema-graph\">{\"@context\":\"https:\\\/\\\/schema.org\",\"@graph\":[{\"@type\":\"Article\",\"@id\":\"https:\\\/\\\/www.universalmedica.com\\\/fr\\\/entrevue-avec-stephanie-le-guillou-responsable-du-contenu-medical\\\/#article\",\"isPartOf\":{\"@id\":\"https:\\\/\\\/www.universalmedica.com\\\/fr\\\/entrevue-avec-stephanie-le-guillou-responsable-du-contenu-medical\\\/\"},\"author\":{\"name\":\"universalmedica\",\"@id\":\"https:\\\/\\\/www.universalmedica.com\\\/fr\\\/#\\\/schema\\\/person\\\/6fa6c71144a899ef91a8c1477c01848b\"},\"headline\":\"Entrevue avec St\u00e9phanie Le Guillou, Responsable du contenu m\u00e9dical.\",\"datePublished\":\"2021-07-28T15:15:46+00:00\",\"dateModified\":\"2021-07-28T15:50:59+00:00\",\"mainEntityOfPage\":{\"@id\":\"https:\\\/\\\/www.universalmedica.com\\\/fr\\\/entrevue-avec-stephanie-le-guillou-responsable-du-contenu-medical\\\/\"},\"wordCount\":514,\"commentCount\":0,\"image\":{\"@id\":\"https:\\\/\\\/www.universalmedica.com\\\/fr\\\/entrevue-avec-stephanie-le-guillou-responsable-du-contenu-medical\\\/#primaryimage\"},\"thumbnailUrl\":\"https:\\\/\\\/www.universalmedica.com\\\/wp-content\\\/uploads\\\/2021\\\/07\\\/Copie-de-Copie-de-Copie-de-Sans-titre-2.jpg\",\"articleSection\":[\"Compliance\",\"\u00c9v\u00e9nement\",\"R\u00e9daction M\u00e9dicale\"],\"inLanguage\":\"fr-FR\",\"potentialAction\":[{\"@type\":\"CommentAction\",\"name\":\"Comment\",\"target\":[\"https:\\\/\\\/www.universalmedica.com\\\/fr\\\/entrevue-avec-stephanie-le-guillou-responsable-du-contenu-medical\\\/#respond\"]}]},{\"@type\":\"WebPage\",\"@id\":\"https:\\\/\\\/www.universalmedica.com\\\/fr\\\/entrevue-avec-stephanie-le-guillou-responsable-du-contenu-medical\\\/\",\"url\":\"https:\\\/\\\/www.universalmedica.com\\\/fr\\\/entrevue-avec-stephanie-le-guillou-responsable-du-contenu-medical\\\/\",\"name\":\"Entrevue avec St\u00e9phanie Le Guillou, Responsable du contenu m\u00e9dical. - Universal Medica\",\"isPartOf\":{\"@id\":\"https:\\\/\\\/www.universalmedica.com\\\/fr\\\/#website\"},\"primaryImageOfPage\":{\"@id\":\"https:\\\/\\\/www.universalmedica.com\\\/fr\\\/entrevue-avec-stephanie-le-guillou-responsable-du-contenu-medical\\\/#primaryimage\"},\"image\":{\"@id\":\"https:\\\/\\\/www.universalmedica.com\\\/fr\\\/entrevue-avec-stephanie-le-guillou-responsable-du-contenu-medical\\\/#primaryimage\"},\"thumbnailUrl\":\"https:\\\/\\\/www.universalmedica.com\\\/wp-content\\\/uploads\\\/2021\\\/07\\\/Copie-de-Copie-de-Copie-de-Sans-titre-2.jpg\",\"datePublished\":\"2021-07-28T15:15:46+00:00\",\"dateModified\":\"2021-07-28T15:50:59+00:00\",\"author\":{\"@id\":\"https:\\\/\\\/www.universalmedica.com\\\/fr\\\/#\\\/schema\\\/person\\\/6fa6c71144a899ef91a8c1477c01848b\"},\"inLanguage\":\"fr-FR\",\"potentialAction\":[{\"@type\":\"ReadAction\",\"target\":[\"https:\\\/\\\/www.universalmedica.com\\\/fr\\\/entrevue-avec-stephanie-le-guillou-responsable-du-contenu-medical\\\/\"]}]},{\"@type\":\"ImageObject\",\"inLanguage\":\"fr-FR\",\"@id\":\"https:\\\/\\\/www.universalmedica.com\\\/fr\\\/entrevue-avec-stephanie-le-guillou-responsable-du-contenu-medical\\\/#primaryimage\",\"url\":\"https:\\\/\\\/www.universalmedica.com\\\/wp-content\\\/uploads\\\/2021\\\/07\\\/Copie-de-Copie-de-Copie-de-Sans-titre-2.jpg\",\"contentUrl\":\"https:\\\/\\\/www.universalmedica.com\\\/wp-content\\\/uploads\\\/2021\\\/07\\\/Copie-de-Copie-de-Copie-de-Sans-titre-2.jpg\",\"width\":500,\"height\":300},{\"@type\":\"WebSite\",\"@id\":\"https:\\\/\\\/www.universalmedica.com\\\/fr\\\/#website\",\"url\":\"https:\\\/\\\/www.universalmedica.com\\\/fr\\\/\",\"name\":\"Universal Medica\",\"description\":\"\",\"potentialAction\":[{\"@type\":\"SearchAction\",\"target\":{\"@type\":\"EntryPoint\",\"urlTemplate\":\"https:\\\/\\\/www.universalmedica.com\\\/fr\\\/?s={search_term_string}\"},\"query-input\":{\"@type\":\"PropertyValueSpecification\",\"valueRequired\":true,\"valueName\":\"search_term_string\"}}],\"inLanguage\":\"fr-FR\"},{\"@type\":\"Person\",\"@id\":\"https:\\\/\\\/www.universalmedica.com\\\/fr\\\/#\\\/schema\\\/person\\\/6fa6c71144a899ef91a8c1477c01848b\",\"name\":\"universalmedica\",\"url\":\"https:\\\/\\\/www.universalmedica.com\\\/fr\\\/author\\\/universalmedica\\\/\"}]}<\/script>\n<!-- \/ Yoast SEO plugin. -->","yoast_head_json":{"title":"Entrevue avec St\u00e9phanie Le Guillou, Responsable du contenu m\u00e9dical. - Universal Medica","robots":{"index":"index","follow":"follow","max-snippet":"max-snippet:-1","max-image-preview":"max-image-preview:large","max-video-preview":"max-video-preview:-1"},"canonical":"https:\/\/www.universalmedica.com\/fr\/entrevue-avec-stephanie-le-guillou-responsable-du-contenu-medical\/","og_locale":"fr_FR","og_type":"article","og_title":"Entrevue avec St\u00e9phanie Le Guillou, Responsable du contenu m\u00e9dical. - Universal Medica","og_description":"St\u00e9phanie Le Guillou, PharmD, PhD Responsable du contenu m\u00e9dical, Cherry for Life sciences, une filiale du Universal Medica Group La raison d\u2019\u00eatre d\u2019Universal Medica Group est l\u2019am\u00e9lioration de la s\u00e9curit\u00e9 et du bien-\u00eatre des patients. En quoi vos missions participent-t-elles \u00e0 l\u2019atteinte de cet objectif\u00a0?\u00a0 J\u2019ai la responsabilit\u00e9 de la ligne \u00e9ditoriale de 3 sites [&hellip;]","og_url":"https:\/\/www.universalmedica.com\/fr\/entrevue-avec-stephanie-le-guillou-responsable-du-contenu-medical\/","og_site_name":"Universal Medica","article_published_time":"2021-07-28T15:15:46+00:00","article_modified_time":"2021-07-28T15:50:59+00:00","og_image":[{"width":500,"height":300,"url":"https:\/\/www.universalmedica.com\/wp-content\/uploads\/2021\/07\/Copie-de-Copie-de-Copie-de-Sans-titre-2.jpg","type":"image\/jpeg"}],"author":"universalmedica","twitter_card":"summary_large_image","twitter_misc":{"\u00c9crit par":"universalmedica","Dur\u00e9e de lecture estim\u00e9e":"3 minutes"},"schema":{"@context":"https:\/\/schema.org","@graph":[{"@type":"Article","@id":"https:\/\/www.universalmedica.com\/fr\/entrevue-avec-stephanie-le-guillou-responsable-du-contenu-medical\/#article","isPartOf":{"@id":"https:\/\/www.universalmedica.com\/fr\/entrevue-avec-stephanie-le-guillou-responsable-du-contenu-medical\/"},"author":{"name":"universalmedica","@id":"https:\/\/www.universalmedica.com\/fr\/#\/schema\/person\/6fa6c71144a899ef91a8c1477c01848b"},"headline":"Entrevue avec St\u00e9phanie Le Guillou, Responsable du contenu m\u00e9dical.","datePublished":"2021-07-28T15:15:46+00:00","dateModified":"2021-07-28T15:50:59+00:00","mainEntityOfPage":{"@id":"https:\/\/www.universalmedica.com\/fr\/entrevue-avec-stephanie-le-guillou-responsable-du-contenu-medical\/"},"wordCount":514,"commentCount":0,"image":{"@id":"https:\/\/www.universalmedica.com\/fr\/entrevue-avec-stephanie-le-guillou-responsable-du-contenu-medical\/#primaryimage"},"thumbnailUrl":"https:\/\/www.universalmedica.com\/wp-content\/uploads\/2021\/07\/Copie-de-Copie-de-Copie-de-Sans-titre-2.jpg","articleSection":["Compliance","\u00c9v\u00e9nement","R\u00e9daction M\u00e9dicale"],"inLanguage":"fr-FR","potentialAction":[{"@type":"CommentAction","name":"Comment","target":["https:\/\/www.universalmedica.com\/fr\/entrevue-avec-stephanie-le-guillou-responsable-du-contenu-medical\/#respond"]}]},{"@type":"WebPage","@id":"https:\/\/www.universalmedica.com\/fr\/entrevue-avec-stephanie-le-guillou-responsable-du-contenu-medical\/","url":"https:\/\/www.universalmedica.com\/fr\/entrevue-avec-stephanie-le-guillou-responsable-du-contenu-medical\/","name":"Entrevue avec St\u00e9phanie Le Guillou, Responsable du contenu m\u00e9dical. - Universal Medica","isPartOf":{"@id":"https:\/\/www.universalmedica.com\/fr\/#website"},"primaryImageOfPage":{"@id":"https:\/\/www.universalmedica.com\/fr\/entrevue-avec-stephanie-le-guillou-responsable-du-contenu-medical\/#primaryimage"},"image":{"@id":"https:\/\/www.universalmedica.com\/fr\/entrevue-avec-stephanie-le-guillou-responsable-du-contenu-medical\/#primaryimage"},"thumbnailUrl":"https:\/\/www.universalmedica.com\/wp-content\/uploads\/2021\/07\/Copie-de-Copie-de-Copie-de-Sans-titre-2.jpg","datePublished":"2021-07-28T15:15:46+00:00","dateModified":"2021-07-28T15:50:59+00:00","author":{"@id":"https:\/\/www.universalmedica.com\/fr\/#\/schema\/person\/6fa6c71144a899ef91a8c1477c01848b"},"inLanguage":"fr-FR","potentialAction":[{"@type":"ReadAction","target":["https:\/\/www.universalmedica.com\/fr\/entrevue-avec-stephanie-le-guillou-responsable-du-contenu-medical\/"]}]},{"@type":"ImageObject","inLanguage":"fr-FR","@id":"https:\/\/www.universalmedica.com\/fr\/entrevue-avec-stephanie-le-guillou-responsable-du-contenu-medical\/#primaryimage","url":"https:\/\/www.universalmedica.com\/wp-content\/uploads\/2021\/07\/Copie-de-Copie-de-Copie-de-Sans-titre-2.jpg","contentUrl":"https:\/\/www.universalmedica.com\/wp-content\/uploads\/2021\/07\/Copie-de-Copie-de-Copie-de-Sans-titre-2.jpg","width":500,"height":300},{"@type":"WebSite","@id":"https:\/\/www.universalmedica.com\/fr\/#website","url":"https:\/\/www.universalmedica.com\/fr\/","name":"Universal Medica","description":"","potentialAction":[{"@type":"SearchAction","target":{"@type":"EntryPoint","urlTemplate":"https:\/\/www.universalmedica.com\/fr\/?s={search_term_string}"},"query-input":{"@type":"PropertyValueSpecification","valueRequired":true,"valueName":"search_term_string"}}],"inLanguage":"fr-FR"},{"@type":"Person","@id":"https:\/\/www.universalmedica.com\/fr\/#\/schema\/person\/6fa6c71144a899ef91a8c1477c01848b","name":"universalmedica","url":"https:\/\/www.universalmedica.com\/fr\/author\/universalmedica\/"}]}},"_links":{"self":[{"href":"https:\/\/www.universalmedica.com\/fr\/wp-json\/wp\/v2\/posts\/3770","targetHints":{"allow":["GET"]}}],"collection":[{"href":"https:\/\/www.universalmedica.com\/fr\/wp-json\/wp\/v2\/posts"}],"about":[{"href":"https:\/\/www.universalmedica.com\/fr\/wp-json\/wp\/v2\/types\/post"}],"author":[{"embeddable":true,"href":"https:\/\/www.universalmedica.com\/fr\/wp-json\/wp\/v2\/users\/2"}],"replies":[{"embeddable":true,"href":"https:\/\/www.universalmedica.com\/fr\/wp-json\/wp\/v2\/comments?post=3770"}],"version-history":[{"count":2,"href":"https:\/\/www.universalmedica.com\/fr\/wp-json\/wp\/v2\/posts\/3770\/revisions"}],"predecessor-version":[{"id":3785,"href":"https:\/\/www.universalmedica.com\/fr\/wp-json\/wp\/v2\/posts\/3770\/revisions\/3785"}],"wp:featuredmedia":[{"embeddable":true,"href":"https:\/\/www.universalmedica.com\/fr\/wp-json\/wp\/v2\/media\/3778"}],"wp:attachment":[{"href":"https:\/\/www.universalmedica.com\/fr\/wp-json\/wp\/v2\/media?parent=3770"}],"wp:term":[{"taxonomy":"category","embeddable":true,"href":"https:\/\/www.universalmedica.com\/fr\/wp-json\/wp\/v2\/categories?post=3770"},{"taxonomy":"post_tag","embeddable":true,"href":"https:\/\/www.universalmedica.com\/fr\/wp-json\/wp\/v2\/tags?post=3770"}],"curies":[{"name":"wp","href":"https:\/\/api.w.org\/{rel}","templated":true}]}}