{"id":951,"date":"2019-11-19T07:00:19","date_gmt":"2019-11-19T06:00:19","guid":{"rendered":"http:\/\/www.universalmedica.com\/rendez-vous-au-dia-europe-2019-20-et-21-novembre-lisbonne-portugal\/"},"modified":"2021-06-29T15:18:29","modified_gmt":"2021-06-29T13:18:29","slug":"rendez-vous-au-dia-europe-2019-20-et-21-novembre-lisbonne-portugal","status":"publish","type":"post","link":"https:\/\/www.universalmedica.com\/fr\/rendez-vous-au-dia-europe-2019-20-et-21-novembre-lisbonne-portugal\/","title":{"rendered":"Rendez-vous au DIA Europe 2019 \u2013 20 et 21 novembre \u2013 Lisbonne Portugal"},"content":{"rendered":"<p>En mars 2019, Universal Medica Group et EVERSANA ont conclu un partenariat pour proposer des services d&rsquo;information m\u00e9dicale et de pharmacovigilance en Europe, en Asie et en Am\u00e9rique du Nord, centrale et du Sud.<\/p>\n<p>Cette collaboration strat\u00e9gique r\u00e9pond aux besoins en constante \u00e9volution des clients \u00e0 l\u2019international. En tant que partenaire unique de services int\u00e9gr\u00e9s, EVERSANA et Universal Medica Group proposent des programmes dot\u00e9s de l\u2019infrastructure, de la technologie, des flux et des \u00e9quipes scientifiques n\u00e9cessaires pour soutenir efficacement et avec efficience les traitements \u00e0 l&rsquo;\u00e9chelle mondiale.<\/p>\n<p>Planifiez une r\u00e9union par courriel avec nos experts pour en savoir plus sur nos services d&rsquo;information m\u00e9dicale et de pharmacovigilance \u00e0 l&rsquo;\u00e9chelle mondiale.<\/p>\n","protected":false},"excerpt":{"rendered":"<p>En mars 2019, Universal Medica Group et EVERSANA ont conclu un partenariat pour proposer des services d&rsquo;information m\u00e9dicale et de pharmacovigilance en Europe, en Asie et en Am\u00e9rique du Nord, centrale et du Sud. Cette collaboration strat\u00e9gique r\u00e9pond aux besoins en constante \u00e9volution des clients \u00e0 l\u2019international. En tant que partenaire unique de services int\u00e9gr\u00e9s, [&hellip;]<\/p>\n","protected":false},"author":1,"featured_media":3396,"comment_status":"closed","ping_status":"closed","sticky":false,"template":"","format":"standard","meta":{"_acf_changed":false,"inline_featured_image":false,"footnotes":""},"categories":[30],"tags":[],"class_list":["post-951","post","type-post","status-publish","format-standard","has-post-thumbnail","hentry","category-evenement"],"acf":[],"yoast_head":"<!-- This site is optimized with the Yoast SEO plugin v27.3 - https:\/\/yoast.com\/product\/yoast-seo-wordpress\/ -->\n<title>Rendez-vous au DIA Europe 2019 \u2013 20 et 21 novembre \u2013 Lisbonne Portugal - Universal Medica<\/title>\n<meta name=\"robots\" content=\"index, follow, max-snippet:-1, max-image-preview:large, max-video-preview:-1\" \/>\n<link rel=\"canonical\" href=\"https:\/\/www.universalmedica.com\/fr\/rendez-vous-au-dia-europe-2019-20-et-21-novembre-lisbonne-portugal\/\" \/>\n<meta property=\"og:locale\" content=\"fr_FR\" \/>\n<meta property=\"og:type\" content=\"article\" \/>\n<meta property=\"og:title\" content=\"Rendez-vous au DIA Europe 2019 \u2013 20 et 21 novembre \u2013 Lisbonne Portugal - Universal Medica\" \/>\n<meta property=\"og:description\" content=\"En mars 2019, Universal Medica Group et EVERSANA ont conclu un partenariat pour proposer des services d&rsquo;information m\u00e9dicale et de pharmacovigilance en Europe, en Asie et en Am\u00e9rique du Nord, centrale et du Sud. Cette collaboration strat\u00e9gique r\u00e9pond aux besoins en constante \u00e9volution des clients \u00e0 l\u2019international. En tant que partenaire unique de services int\u00e9gr\u00e9s, [&hellip;]\" \/>\n<meta property=\"og:url\" content=\"https:\/\/www.universalmedica.com\/fr\/rendez-vous-au-dia-europe-2019-20-et-21-novembre-lisbonne-portugal\/\" \/>\n<meta property=\"og:site_name\" content=\"Universal Medica\" \/>\n<meta property=\"article:published_time\" content=\"2019-11-19T06:00:19+00:00\" \/>\n<meta property=\"article:modified_time\" content=\"2021-06-29T13:18:29+00:00\" \/>\n<meta property=\"og:image\" content=\"https:\/\/www.universalmedica.com\/wp-content\/uploads\/2021\/03\/Copie-de-Copie-de-Copie-de-Sans-titre-7.jpg\" \/>\n\t<meta property=\"og:image:width\" content=\"500\" \/>\n\t<meta property=\"og:image:height\" content=\"300\" \/>\n\t<meta property=\"og:image:type\" content=\"image\/jpeg\" \/>\n<meta name=\"author\" content=\"Admin\" \/>\n<meta name=\"twitter:card\" content=\"summary_large_image\" \/>\n<meta name=\"twitter:label1\" content=\"\u00c9crit par\" \/>\n\t<meta name=\"twitter:data1\" content=\"Admin\" \/>\n\t<meta name=\"twitter:label2\" content=\"Dur\u00e9e de lecture estim\u00e9e\" \/>\n\t<meta name=\"twitter:data2\" content=\"1 minute\" \/>\n<script type=\"application\/ld+json\" class=\"yoast-schema-graph\">{\"@context\":\"https:\\\/\\\/schema.org\",\"@graph\":[{\"@type\":\"Article\",\"@id\":\"https:\\\/\\\/www.universalmedica.com\\\/fr\\\/rendez-vous-au-dia-europe-2019-20-et-21-novembre-lisbonne-portugal\\\/#article\",\"isPartOf\":{\"@id\":\"https:\\\/\\\/www.universalmedica.com\\\/fr\\\/rendez-vous-au-dia-europe-2019-20-et-21-novembre-lisbonne-portugal\\\/\"},\"author\":{\"name\":\"Admin\",\"@id\":\"https:\\\/\\\/www.universalmedica.com\\\/fr\\\/#\\\/schema\\\/person\\\/6310cfd59ccce9f9d4bc94d081892a84\"},\"headline\":\"Rendez-vous au DIA Europe 2019 \u2013 20 et 21 novembre \u2013 Lisbonne Portugal\",\"datePublished\":\"2019-11-19T06:00:19+00:00\",\"dateModified\":\"2021-06-29T13:18:29+00:00\",\"mainEntityOfPage\":{\"@id\":\"https:\\\/\\\/www.universalmedica.com\\\/fr\\\/rendez-vous-au-dia-europe-2019-20-et-21-novembre-lisbonne-portugal\\\/\"},\"wordCount\":128,\"image\":{\"@id\":\"https:\\\/\\\/www.universalmedica.com\\\/fr\\\/rendez-vous-au-dia-europe-2019-20-et-21-novembre-lisbonne-portugal\\\/#primaryimage\"},\"thumbnailUrl\":\"https:\\\/\\\/www.universalmedica.com\\\/wp-content\\\/uploads\\\/2021\\\/03\\\/Copie-de-Copie-de-Copie-de-Sans-titre-7.jpg\",\"articleSection\":[\"\u00c9v\u00e9nement\"],\"inLanguage\":\"fr-FR\"},{\"@type\":\"WebPage\",\"@id\":\"https:\\\/\\\/www.universalmedica.com\\\/fr\\\/rendez-vous-au-dia-europe-2019-20-et-21-novembre-lisbonne-portugal\\\/\",\"url\":\"https:\\\/\\\/www.universalmedica.com\\\/fr\\\/rendez-vous-au-dia-europe-2019-20-et-21-novembre-lisbonne-portugal\\\/\",\"name\":\"Rendez-vous au DIA Europe 2019 \u2013 20 et 21 novembre \u2013 Lisbonne Portugal - Universal Medica\",\"isPartOf\":{\"@id\":\"https:\\\/\\\/www.universalmedica.com\\\/fr\\\/#website\"},\"primaryImageOfPage\":{\"@id\":\"https:\\\/\\\/www.universalmedica.com\\\/fr\\\/rendez-vous-au-dia-europe-2019-20-et-21-novembre-lisbonne-portugal\\\/#primaryimage\"},\"image\":{\"@id\":\"https:\\\/\\\/www.universalmedica.com\\\/fr\\\/rendez-vous-au-dia-europe-2019-20-et-21-novembre-lisbonne-portugal\\\/#primaryimage\"},\"thumbnailUrl\":\"https:\\\/\\\/www.universalmedica.com\\\/wp-content\\\/uploads\\\/2021\\\/03\\\/Copie-de-Copie-de-Copie-de-Sans-titre-7.jpg\",\"datePublished\":\"2019-11-19T06:00:19+00:00\",\"dateModified\":\"2021-06-29T13:18:29+00:00\",\"author\":{\"@id\":\"https:\\\/\\\/www.universalmedica.com\\\/fr\\\/#\\\/schema\\\/person\\\/6310cfd59ccce9f9d4bc94d081892a84\"},\"inLanguage\":\"fr-FR\",\"potentialAction\":[{\"@type\":\"ReadAction\",\"target\":[\"https:\\\/\\\/www.universalmedica.com\\\/fr\\\/rendez-vous-au-dia-europe-2019-20-et-21-novembre-lisbonne-portugal\\\/\"]}]},{\"@type\":\"ImageObject\",\"inLanguage\":\"fr-FR\",\"@id\":\"https:\\\/\\\/www.universalmedica.com\\\/fr\\\/rendez-vous-au-dia-europe-2019-20-et-21-novembre-lisbonne-portugal\\\/#primaryimage\",\"url\":\"https:\\\/\\\/www.universalmedica.com\\\/wp-content\\\/uploads\\\/2021\\\/03\\\/Copie-de-Copie-de-Copie-de-Sans-titre-7.jpg\",\"contentUrl\":\"https:\\\/\\\/www.universalmedica.com\\\/wp-content\\\/uploads\\\/2021\\\/03\\\/Copie-de-Copie-de-Copie-de-Sans-titre-7.jpg\",\"width\":500,\"height\":300},{\"@type\":\"WebSite\",\"@id\":\"https:\\\/\\\/www.universalmedica.com\\\/fr\\\/#website\",\"url\":\"https:\\\/\\\/www.universalmedica.com\\\/fr\\\/\",\"name\":\"Universal Medica\",\"description\":\"\",\"potentialAction\":[{\"@type\":\"SearchAction\",\"target\":{\"@type\":\"EntryPoint\",\"urlTemplate\":\"https:\\\/\\\/www.universalmedica.com\\\/fr\\\/?s={search_term_string}\"},\"query-input\":{\"@type\":\"PropertyValueSpecification\",\"valueRequired\":true,\"valueName\":\"search_term_string\"}}],\"inLanguage\":\"fr-FR\"},{\"@type\":\"Person\",\"@id\":\"https:\\\/\\\/www.universalmedica.com\\\/fr\\\/#\\\/schema\\\/person\\\/6310cfd59ccce9f9d4bc94d081892a84\",\"name\":\"Admin\",\"sameAs\":[\"http:\\\/\\\/universalmedica.agencekonig.com\"],\"url\":\"https:\\\/\\\/www.universalmedica.com\\\/fr\\\/author\\\/admin\\\/\"}]}<\/script>\n<!-- \/ Yoast SEO plugin. -->","yoast_head_json":{"title":"Rendez-vous au DIA Europe 2019 \u2013 20 et 21 novembre \u2013 Lisbonne Portugal - Universal Medica","robots":{"index":"index","follow":"follow","max-snippet":"max-snippet:-1","max-image-preview":"max-image-preview:large","max-video-preview":"max-video-preview:-1"},"canonical":"https:\/\/www.universalmedica.com\/fr\/rendez-vous-au-dia-europe-2019-20-et-21-novembre-lisbonne-portugal\/","og_locale":"fr_FR","og_type":"article","og_title":"Rendez-vous au DIA Europe 2019 \u2013 20 et 21 novembre \u2013 Lisbonne Portugal - Universal Medica","og_description":"En mars 2019, Universal Medica Group et EVERSANA ont conclu un partenariat pour proposer des services d&rsquo;information m\u00e9dicale et de pharmacovigilance en Europe, en Asie et en Am\u00e9rique du Nord, centrale et du Sud. Cette collaboration strat\u00e9gique r\u00e9pond aux besoins en constante \u00e9volution des clients \u00e0 l\u2019international. En tant que partenaire unique de services int\u00e9gr\u00e9s, [&hellip;]","og_url":"https:\/\/www.universalmedica.com\/fr\/rendez-vous-au-dia-europe-2019-20-et-21-novembre-lisbonne-portugal\/","og_site_name":"Universal Medica","article_published_time":"2019-11-19T06:00:19+00:00","article_modified_time":"2021-06-29T13:18:29+00:00","og_image":[{"width":500,"height":300,"url":"https:\/\/www.universalmedica.com\/wp-content\/uploads\/2021\/03\/Copie-de-Copie-de-Copie-de-Sans-titre-7.jpg","type":"image\/jpeg"}],"author":"Admin","twitter_card":"summary_large_image","twitter_misc":{"\u00c9crit par":"Admin","Dur\u00e9e de lecture estim\u00e9e":"1 minute"},"schema":{"@context":"https:\/\/schema.org","@graph":[{"@type":"Article","@id":"https:\/\/www.universalmedica.com\/fr\/rendez-vous-au-dia-europe-2019-20-et-21-novembre-lisbonne-portugal\/#article","isPartOf":{"@id":"https:\/\/www.universalmedica.com\/fr\/rendez-vous-au-dia-europe-2019-20-et-21-novembre-lisbonne-portugal\/"},"author":{"name":"Admin","@id":"https:\/\/www.universalmedica.com\/fr\/#\/schema\/person\/6310cfd59ccce9f9d4bc94d081892a84"},"headline":"Rendez-vous au DIA Europe 2019 \u2013 20 et 21 novembre \u2013 Lisbonne Portugal","datePublished":"2019-11-19T06:00:19+00:00","dateModified":"2021-06-29T13:18:29+00:00","mainEntityOfPage":{"@id":"https:\/\/www.universalmedica.com\/fr\/rendez-vous-au-dia-europe-2019-20-et-21-novembre-lisbonne-portugal\/"},"wordCount":128,"image":{"@id":"https:\/\/www.universalmedica.com\/fr\/rendez-vous-au-dia-europe-2019-20-et-21-novembre-lisbonne-portugal\/#primaryimage"},"thumbnailUrl":"https:\/\/www.universalmedica.com\/wp-content\/uploads\/2021\/03\/Copie-de-Copie-de-Copie-de-Sans-titre-7.jpg","articleSection":["\u00c9v\u00e9nement"],"inLanguage":"fr-FR"},{"@type":"WebPage","@id":"https:\/\/www.universalmedica.com\/fr\/rendez-vous-au-dia-europe-2019-20-et-21-novembre-lisbonne-portugal\/","url":"https:\/\/www.universalmedica.com\/fr\/rendez-vous-au-dia-europe-2019-20-et-21-novembre-lisbonne-portugal\/","name":"Rendez-vous au DIA Europe 2019 \u2013 20 et 21 novembre \u2013 Lisbonne Portugal - Universal Medica","isPartOf":{"@id":"https:\/\/www.universalmedica.com\/fr\/#website"},"primaryImageOfPage":{"@id":"https:\/\/www.universalmedica.com\/fr\/rendez-vous-au-dia-europe-2019-20-et-21-novembre-lisbonne-portugal\/#primaryimage"},"image":{"@id":"https:\/\/www.universalmedica.com\/fr\/rendez-vous-au-dia-europe-2019-20-et-21-novembre-lisbonne-portugal\/#primaryimage"},"thumbnailUrl":"https:\/\/www.universalmedica.com\/wp-content\/uploads\/2021\/03\/Copie-de-Copie-de-Copie-de-Sans-titre-7.jpg","datePublished":"2019-11-19T06:00:19+00:00","dateModified":"2021-06-29T13:18:29+00:00","author":{"@id":"https:\/\/www.universalmedica.com\/fr\/#\/schema\/person\/6310cfd59ccce9f9d4bc94d081892a84"},"inLanguage":"fr-FR","potentialAction":[{"@type":"ReadAction","target":["https:\/\/www.universalmedica.com\/fr\/rendez-vous-au-dia-europe-2019-20-et-21-novembre-lisbonne-portugal\/"]}]},{"@type":"ImageObject","inLanguage":"fr-FR","@id":"https:\/\/www.universalmedica.com\/fr\/rendez-vous-au-dia-europe-2019-20-et-21-novembre-lisbonne-portugal\/#primaryimage","url":"https:\/\/www.universalmedica.com\/wp-content\/uploads\/2021\/03\/Copie-de-Copie-de-Copie-de-Sans-titre-7.jpg","contentUrl":"https:\/\/www.universalmedica.com\/wp-content\/uploads\/2021\/03\/Copie-de-Copie-de-Copie-de-Sans-titre-7.jpg","width":500,"height":300},{"@type":"WebSite","@id":"https:\/\/www.universalmedica.com\/fr\/#website","url":"https:\/\/www.universalmedica.com\/fr\/","name":"Universal Medica","description":"","potentialAction":[{"@type":"SearchAction","target":{"@type":"EntryPoint","urlTemplate":"https:\/\/www.universalmedica.com\/fr\/?s={search_term_string}"},"query-input":{"@type":"PropertyValueSpecification","valueRequired":true,"valueName":"search_term_string"}}],"inLanguage":"fr-FR"},{"@type":"Person","@id":"https:\/\/www.universalmedica.com\/fr\/#\/schema\/person\/6310cfd59ccce9f9d4bc94d081892a84","name":"Admin","sameAs":["http:\/\/universalmedica.agencekonig.com"],"url":"https:\/\/www.universalmedica.com\/fr\/author\/admin\/"}]}},"_links":{"self":[{"href":"https:\/\/www.universalmedica.com\/fr\/wp-json\/wp\/v2\/posts\/951","targetHints":{"allow":["GET"]}}],"collection":[{"href":"https:\/\/www.universalmedica.com\/fr\/wp-json\/wp\/v2\/posts"}],"about":[{"href":"https:\/\/www.universalmedica.com\/fr\/wp-json\/wp\/v2\/types\/post"}],"author":[{"embeddable":true,"href":"https:\/\/www.universalmedica.com\/fr\/wp-json\/wp\/v2\/users\/1"}],"replies":[{"embeddable":true,"href":"https:\/\/www.universalmedica.com\/fr\/wp-json\/wp\/v2\/comments?post=951"}],"version-history":[{"count":3,"href":"https:\/\/www.universalmedica.com\/fr\/wp-json\/wp\/v2\/posts\/951\/revisions"}],"predecessor-version":[{"id":3728,"href":"https:\/\/www.universalmedica.com\/fr\/wp-json\/wp\/v2\/posts\/951\/revisions\/3728"}],"wp:featuredmedia":[{"embeddable":true,"href":"https:\/\/www.universalmedica.com\/fr\/wp-json\/wp\/v2\/media\/3396"}],"wp:attachment":[{"href":"https:\/\/www.universalmedica.com\/fr\/wp-json\/wp\/v2\/media?parent=951"}],"wp:term":[{"taxonomy":"category","embeddable":true,"href":"https:\/\/www.universalmedica.com\/fr\/wp-json\/wp\/v2\/categories?post=951"},{"taxonomy":"post_tag","embeddable":true,"href":"https:\/\/www.universalmedica.com\/fr\/wp-json\/wp\/v2\/tags?post=951"}],"curies":[{"name":"wp","href":"https:\/\/api.w.org\/{rel}","templated":true}]}}